{"id":277809,"date":"2025-11-19T10:09:25","date_gmt":"2025-11-19T10:09:25","guid":{"rendered":"https:\/\/www.bidc-ebid.org\/fr\/?p=277809"},"modified":"2025-11-19T10:09:53","modified_gmt":"2025-11-19T10:09:53","slug":"la-bidc-accorde-une-ligne-de-credit-de-50-millions-deuros-a-afg-holding-pour-stimuler-la-croissance-du-secteur-prive-dans-la-cedeao","status":"publish","type":"post","link":"https:\/\/www.bidc-ebid.org\/fr\/la-bidc-accorde-une-ligne-de-credit-de-50-millions-deuros-a-afg-holding-pour-stimuler-la-croissance-du-secteur-prive-dans-la-cedeao\/","title":{"rendered":"La BIDC accorde une ligne de cr\u00e9dit de 50 millions d&rsquo;euros \u00e0 AFG Holding pour stimuler la croissance du secteur priv\u00e9 dans la CEDEAO"},"content":{"rendered":"<p>La Banque d&rsquo;Investissement et de D\u00e9veloppement de la CEDEAO (BIDC) et AFG Holding SA ont officialis\u00e9 un partenariat strat\u00e9gique visant \u00e0 acc\u00e9l\u00e9rer consid\u00e9rablement la croissance du secteur priv\u00e9 dans toute la r\u00e9gion de la CEDEAO. L&rsquo;accord, sign\u00e9 le mardi 18 novembre 2025 \u00e0 Abidjan, en C\u00f4te d&rsquo;Ivoire, pr\u00e9voit la cr\u00e9ation d&rsquo;une facilit\u00e9 d\u00e9di\u00e9e d&rsquo;un montant de 50 millions d&rsquo;euros pour soutenir les entreprises priv\u00e9es par l&rsquo;interm\u00e9diaire des filiales d&rsquo;AFG Holding SA op\u00e9rant dans la zone CEDEAO, \u00e0 savoir AFG Bank CI SA et AFG Bank Guin\u00e9e.<\/p>\n<p>Lors de la c\u00e9r\u00e9monie de signature, Dr George Agyekum Donkor, Pr\u00e9sident de la BIDC et de son Conseil d&rsquo;Administration, a r\u00e9affirm\u00e9 l&rsquo;engagement de la Banque en faveur d&rsquo;un d\u00e9veloppement inclusif et durable comme catalyseur de la cr\u00e9ation de richesse, de la promotion de l&#8217;emploi et de la r\u00e9duction de la pauvret\u00e9 dans la r\u00e9gion de la CEDEAO. \u00ab L&rsquo;autonomisation du secteur priv\u00e9 est un pilier essentiel de nos efforts pour relever le d\u00e9fi persistant du ch\u00f4mage des jeunes et favoriser la r\u00e9silience \u00e9conomique dans notre sous-r\u00e9gion \u00bb, a d\u00e9clar\u00e9 Dr Donkor. \u00ab Ce partenariat avec AFG Holding SA \u00e9largira l&rsquo;acc\u00e8s \u00e0 des financements essentiels pour les entreprises qui sont le moteur de nos \u00e9conomies et contribuent de mani\u00e8re significative \u00e0 la cha\u00eene de valeur r\u00e9gionale. \u00bb<\/p>\n<p>Ce partenariat met particuli\u00e8rement l&rsquo;accent sur le renforcement des Petites et Moyennes Entreprises (PME), qui constituent l&rsquo;\u00e9pine dorsale de l&rsquo;\u00e9conomie de l&rsquo;Afrique de l&rsquo;Ouest. En \u00e9largissant l&rsquo;acc\u00e8s \u00e0 des capitaux abordables \u00e0 long terme, ce m\u00e9canisme devrait aider les PME \u00e0 d\u00e9velopper leurs activit\u00e9s, \u00e0 adopter de nouvelles technologies et \u00e0 s&rsquo;int\u00e9grer davantage dans les cha\u00eenes de valeur r\u00e9gionales et mondiales, stimulant ainsi la productivit\u00e9 et l&#8217;emploi.<\/p>\n<p>AFG Holding SA a salu\u00e9 ce partenariat, qu&rsquo;elle consid\u00e8re comme un catalyseur de la croissance institutionnelle et d&rsquo;un engagement plus profond dans l&rsquo;\u00e9conomie r\u00e9elle. S&rsquo;exprimant au nom de l\u2019institution, M. Kouakou Anzoua Abissa, Administrateur de AFG Holding SA, a exprim\u00e9 sa profonde gratitude \u00e0 la BIDC pour sa confiance et son soutien, r\u00e9it\u00e9rant l&rsquo;engagement d&rsquo;AFG \u00e0 d\u00e9ployer les fonds de mani\u00e8re efficace et transparente afin d&rsquo;obtenir des r\u00e9sultats tangibles et mesurables en termes d&rsquo;expansion du secteur priv\u00e9 et de diversification \u00e9conomique.<\/p>\n<p>Avec ce nouvel accord de financement, la BIDC renforce encore son r\u00f4le de partenaire de d\u00e9veloppement de confiance pour le secteur financier en Afrique de l&rsquo;Ouest. En \u00e9largissant l&rsquo;acc\u00e8s au financement pour les PME, qui sont des moteurs cl\u00e9s de l&rsquo;innovation et de l&rsquo;industrialisation, la Banque contribue \u00e0 jeter les bases d&rsquo;une prosp\u00e9rit\u00e9 durable et d&rsquo;un avenir \u00e9conomique plus autonome pour la sous-r\u00e9gion.<\/p>\n","protected":false},"excerpt":{"rendered":"<p>La Banque d&rsquo;Investissement et de D\u00e9veloppement de la CEDEAO (BIDC) et AFG Holding SA ont officialis\u00e9 un partenariat strat\u00e9gique visant \u00e0 acc\u00e9l\u00e9rer consid\u00e9rablement la croissance du secteur priv\u00e9 dans toute la r\u00e9gion de la CEDEAO. L&rsquo;accord, sign\u00e9 le mardi 18 novembre 2025 \u00e0 Abidjan, en C\u00f4te d&rsquo;Ivoire, pr\u00e9voit la cr\u00e9ation d&rsquo;une facilit\u00e9 d\u00e9di\u00e9e d&rsquo;un montant [&hellip;]<\/p>\n","protected":false},"author":3,"featured_media":277810,"comment_status":"closed","ping_status":"open","sticky":false,"template":"","format":"standard","meta":{"_jetpack_memberships_contains_paid_content":false,"footnotes":""},"categories":[4],"tags":[],"class_list":["post-277809","post","type-post","status-publish","format-standard","has-post-thumbnail","hentry","category-actualites"],"jetpack_featured_media_url":"https:\/\/www.bidc-ebid.org\/fr\/wp-content\/uploads\/AFG_Holding.jpg","jetpack_sharing_enabled":true,"_links":{"self":[{"href":"https:\/\/www.bidc-ebid.org\/fr\/wp-json\/wp\/v2\/posts\/277809","targetHints":{"allow":["GET"]}}],"collection":[{"href":"https:\/\/www.bidc-ebid.org\/fr\/wp-json\/wp\/v2\/posts"}],"about":[{"href":"https:\/\/www.bidc-ebid.org\/fr\/wp-json\/wp\/v2\/types\/post"}],"author":[{"embeddable":true,"href":"https:\/\/www.bidc-ebid.org\/fr\/wp-json\/wp\/v2\/users\/3"}],"replies":[{"embeddable":true,"href":"https:\/\/www.bidc-ebid.org\/fr\/wp-json\/wp\/v2\/comments?post=277809"}],"version-history":[{"count":1,"href":"https:\/\/www.bidc-ebid.org\/fr\/wp-json\/wp\/v2\/posts\/277809\/revisions"}],"predecessor-version":[{"id":277811,"href":"https:\/\/www.bidc-ebid.org\/fr\/wp-json\/wp\/v2\/posts\/277809\/revisions\/277811"}],"wp:featuredmedia":[{"embeddable":true,"href":"https:\/\/www.bidc-ebid.org\/fr\/wp-json\/wp\/v2\/media\/277810"}],"wp:attachment":[{"href":"https:\/\/www.bidc-ebid.org\/fr\/wp-json\/wp\/v2\/media?parent=277809"}],"wp:term":[{"taxonomy":"category","embeddable":true,"href":"https:\/\/www.bidc-ebid.org\/fr\/wp-json\/wp\/v2\/categories?post=277809"},{"taxonomy":"post_tag","embeddable":true,"href":"https:\/\/www.bidc-ebid.org\/fr\/wp-json\/wp\/v2\/tags?post=277809"}],"curies":[{"name":"wp","href":"https:\/\/api.w.org\/{rel}","templated":true}]}}