{"id":277391,"date":"2025-03-03T16:21:13","date_gmt":"2025-03-03T16:21:13","guid":{"rendered":"https:\/\/www.bidc-ebid.org\/fr\/?p=277391"},"modified":"2025-03-03T16:21:13","modified_gmt":"2025-03-03T16:21:13","slug":"la-banque-europeenne-dinvestissement-et-la-banque-dinvestissement-et-de-developpement-de-la-cedeao-sassocient-pour-soutenir-les-initiatives-en-matiere-de-climat-et-de-developpement-durable-en-af","status":"publish","type":"post","link":"https:\/\/www.bidc-ebid.org\/fr\/la-banque-europeenne-dinvestissement-et-la-banque-dinvestissement-et-de-developpement-de-la-cedeao-sassocient-pour-soutenir-les-initiatives-en-matiere-de-climat-et-de-developpement-durable-en-af\/","title":{"rendered":"La Banque Europ\u00e9enne d&rsquo;Investissement et la Banque d&rsquo;Investissement et de D\u00e9veloppement de la CEDEAO s&rsquo;associent pour soutenir les initiatives en mati\u00e8re de climat et de d\u00e9veloppement durable en Afrique de l&rsquo;Ouest"},"content":{"rendered":"<p>La Banque Europ\u00e9enne d&rsquo;Investissement (BEI) et la Banque d&rsquo;Investissement et de D\u00e9veloppement de la CEDEAO (BIDC) ont sign\u00e9 un accord de pr\u00eat historique de 100 millions d&rsquo;euros pour soutenir les efforts visant \u00e0 promouvoir une croissance verte et inclusive en Afrique de l\u2019Ouest et \u00e0 relever les d\u00e9fis climatiques et sociaux.<\/p>\n<p>L&rsquo;accord a \u00e9t\u00e9 sign\u00e9 en marge du Sommet \u00ab\u00a0Finance in Common 2025\u00a0\u00bb au Cap, en Afrique du Sud, par Dr Mory Soumahoro, Vice-Pr\u00e9sident de la BIDC charg\u00e9 des Risques et du Contr\u00f4le, et M. Ambroise Fayolle, Vice-Pr\u00e9sident de la BEI. La c\u00e9r\u00e9monie s&rsquo;est \u00e9galement d\u00e9roul\u00e9e en pr\u00e9sence de M. Antti Karhunen, Directeur de la Commission Europ\u00e9enne.<\/p>\n<p>\u00ab Je suis tr\u00e8s heureux de signer cette premi\u00e8re op\u00e9ration avec la BIDC pour soutenir le d\u00e9veloppement \u00e9conomique, l&rsquo;action climatique et la durabilit\u00e9 environnementale dans la r\u00e9gion de la CEDEAO. Elle permettra de combler le d\u00e9ficit financier dans cette r\u00e9gion tout en contribuant \u00e0 r\u00e9duire la pauvret\u00e9 et \u00e0 am\u00e9liorer la vie quotidienne \u00bb, a d\u00e9clar\u00e9 M. Ambroise Fayolle.<\/p>\n<p>Cette ligne de cr\u00e9dit est accord\u00e9e dans le cadre du Fonds europ\u00e9en pour le d\u00e9veloppement durable Plus (EFSD+), qui offre un montage financier int\u00e9gr\u00e9 pour les op\u00e9rations du secteur priv\u00e9 dans les pays. La facilit\u00e9 soutiendra les efforts de la BIDC pour promouvoir une croissance verte et inclusive et relever les d\u00e9fis climatiques et sociaux en Afrique de l&rsquo;Ouest.<\/p>\n<p>\u00ab Nous appr\u00e9cions cette ligne de cr\u00e9dit qui est une initiative de la Banque Europ\u00e9enne d&rsquo;Investissement pour aider les Etats de la CEDEAO \u00e0 renforcer leur croissance et leur d\u00e9veloppement durable \u00bb, a d\u00e9clar\u00e9 Dr. Mory Soumahoro. \u00ab Ce partenariat t\u00e9moigne de l&rsquo;engagement de la BIDC \u00e0 soutenir l&rsquo;acc\u00e8s des pays membres de la r\u00e9gion \u00e0 des sources de financement durables.<\/p>\n<p>Le partenariat entre la BIDC et la BEI vise \u00e0 renforcer l&rsquo;acc\u00e8s de l&rsquo;Afrique de l&rsquo;Ouest aux financements verts, \u00e0 favoriser le d\u00e9veloppement durable et la r\u00e9silience climatique dans la r\u00e9gion. Cette collaboration t\u00e9moigne de la coop\u00e9ration croissante entre les institutions r\u00e9gionales et internationales de financement du d\u00e9veloppement pour combler les d\u00e9ficits de financement et acheminer les fonds essentiels vers les pays et les secteurs qui en ont besoin.<\/p>\n","protected":false},"excerpt":{"rendered":"<p>La Banque Europ\u00e9enne d&rsquo;Investissement (BEI) et la Banque d&rsquo;Investissement et de D\u00e9veloppement de la CEDEAO (BIDC) ont sign\u00e9 un accord de pr\u00eat historique de 100 millions d&rsquo;euros pour soutenir les efforts visant \u00e0 promouvoir une croissance verte et inclusive en Afrique de l\u2019Ouest et \u00e0 relever les d\u00e9fis climatiques et sociaux. L&rsquo;accord a \u00e9t\u00e9 sign\u00e9 [&hellip;]<\/p>\n","protected":false},"author":3,"featured_media":277392,"comment_status":"closed","ping_status":"open","sticky":false,"template":"","format":"standard","meta":{"_jetpack_memberships_contains_paid_content":false,"footnotes":""},"categories":[4],"tags":[],"class_list":["post-277391","post","type-post","status-publish","format-standard","has-post-thumbnail","hentry","category-actualites"],"jetpack_featured_media_url":"https:\/\/www.bidc-ebid.org\/fr\/wp-content\/uploads\/global_gateway_2025.jpg","jetpack_sharing_enabled":true,"_links":{"self":[{"href":"https:\/\/www.bidc-ebid.org\/fr\/wp-json\/wp\/v2\/posts\/277391","targetHints":{"allow":["GET"]}}],"collection":[{"href":"https:\/\/www.bidc-ebid.org\/fr\/wp-json\/wp\/v2\/posts"}],"about":[{"href":"https:\/\/www.bidc-ebid.org\/fr\/wp-json\/wp\/v2\/types\/post"}],"author":[{"embeddable":true,"href":"https:\/\/www.bidc-ebid.org\/fr\/wp-json\/wp\/v2\/users\/3"}],"replies":[{"embeddable":true,"href":"https:\/\/www.bidc-ebid.org\/fr\/wp-json\/wp\/v2\/comments?post=277391"}],"version-history":[{"count":1,"href":"https:\/\/www.bidc-ebid.org\/fr\/wp-json\/wp\/v2\/posts\/277391\/revisions"}],"predecessor-version":[{"id":277393,"href":"https:\/\/www.bidc-ebid.org\/fr\/wp-json\/wp\/v2\/posts\/277391\/revisions\/277393"}],"wp:featuredmedia":[{"embeddable":true,"href":"https:\/\/www.bidc-ebid.org\/fr\/wp-json\/wp\/v2\/media\/277392"}],"wp:attachment":[{"href":"https:\/\/www.bidc-ebid.org\/fr\/wp-json\/wp\/v2\/media?parent=277391"}],"wp:term":[{"taxonomy":"category","embeddable":true,"href":"https:\/\/www.bidc-ebid.org\/fr\/wp-json\/wp\/v2\/categories?post=277391"},{"taxonomy":"post_tag","embeddable":true,"href":"https:\/\/www.bidc-ebid.org\/fr\/wp-json\/wp\/v2\/tags?post=277391"}],"curies":[{"name":"wp","href":"https:\/\/api.w.org\/{rel}","templated":true}]}}