{"id":277291,"date":"2025-01-29T11:09:50","date_gmt":"2025-01-29T11:09:50","guid":{"rendered":"https:\/\/www.bidc-ebid.org\/fr\/?p=277291"},"modified":"2025-01-29T11:11:29","modified_gmt":"2025-01-29T11:11:29","slug":"responsabilite-societale-des-entreprises-la-bidc-soutient-leducation-et-le-developpement-humain-dans-les-etats-membres-de-la-cedeao","status":"publish","type":"post","link":"https:\/\/www.bidc-ebid.org\/fr\/responsabilite-societale-des-entreprises-la-bidc-soutient-leducation-et-le-developpement-humain-dans-les-etats-membres-de-la-cedeao\/","title":{"rendered":"Responsabilit\u00e9 soci\u00e9tale des entreprises \u2013 la BIDC soutient l\u2019\u00e9ducation et le d\u00e9veloppement humain dans les \u00e9tats membres de la CEDEAO"},"content":{"rendered":"<p>La Banque d\u2019Investissement et de D\u00e9veloppement de la CEDEAO (BIDC) a r\u00e9affirm\u00e9 son engagement \u00e0 favoriser le d\u00e9veloppement socio-\u00e9conomique \u00e0 travers l\u2019\u00e9ducation, avec un investissement r\u00e9cent de 67 472 USD dans le d\u00e9veloppement des infrastructures du Lyc\u00e9e Technique de Kwanyako dans la r\u00e9gion centrale du Ghana.<\/p>\n<p>Le projet a \u00e9t\u00e9 entrepris dans le cadre du programme de Responsabilit\u00e9 Soci\u00e9tale des Entreprises (RSE) de la BIDC, qui donne la priorit\u00e9 \u00e0 l\u2019am\u00e9lioration de la qualit\u00e9 de vie des Communaut\u00e9s de la sous-r\u00e9gion de la CEDEAO en soutenant des activit\u00e9s align\u00e9es sur les Objectifs de D\u00e9veloppement Durable des Nations Unies, entre autres.<\/p>\n<p><img loading=\"lazy\" decoding=\"async\" class=\"size-full wp-image-277290 aligncenter\" src=\"https:\/\/www.bidc-ebid.org\/fr\/wp-content\/uploads\/accra_2025_6.jpg\" alt=\"\" width=\"982\" height=\"301\" srcset=\"https:\/\/www.bidc-ebid.org\/fr\/wp-content\/uploads\/accra_2025_6.jpg 982w, https:\/\/www.bidc-ebid.org\/fr\/wp-content\/uploads\/accra_2025_6-300x92.jpg 300w, https:\/\/www.bidc-ebid.org\/fr\/wp-content\/uploads\/accra_2025_6-768x235.jpg 768w\" sizes=\"auto, (max-width: 982px) 100vw, 982px\" \/>Dr George Agyekum Donkor, Pr\u00e9sident de la BIDC et de son Conseil d\u2019Administration qui a proc\u00e9d\u00e9 \u00e0 l\u2019inauguration du mur d\u2019enceinte du terrain de l\u2019\u00e9cole le jeudi 23 janvier 2025, a soulign\u00e9 que cet investissement est crucial pour relever les d\u00e9fis auxquels est confront\u00e9e l\u2019Afrique subsaharienne \u00e0 savoir un taux moyen d\u2019ach\u00e8vement du deuxi\u00e8me cycle de l\u2019enseignement secondaire s\u2019\u00e9levant \u00e0 44 %. En renfor\u00e7ant la s\u00e9curit\u00e9 des \u00e9l\u00e8ves et en les prot\u00e9geant des distractions ext\u00e9rieures, la BIDC vise \u00e0 cr\u00e9er un environnement d\u2019apprentissage propice qui favorise l\u2019excellence acad\u00e9mique et le d\u00e9veloppement du caract\u00e8re, a-t-il d\u00e9clar\u00e9.<\/p>\n<p>Dr Donkor a en outre soulign\u00e9 l\u2019importance de l\u2019\u00e9ducation dans la construction de l\u2019avenir de l\u2019Afrique, citant la d\u00e9claration inspirante de Martin Luther King\u00a0: \u00ab\u00a0L\u2019intelligence plus le caract\u00e8re, c\u2019est le but de la v\u00e9ritable \u00e9ducation \u00bb. Il a conseill\u00e9 aux \u00e9tudiants de viser l\u2019excellence acad\u00e9mique tout en d\u00e9veloppant un caract\u00e8re fort et en adoptant des normes \u00e9lev\u00e9es d\u2019int\u00e9grit\u00e9.<\/p>\n<p><img loading=\"lazy\" decoding=\"async\" class=\"size-full wp-image-277289 aligncenter\" src=\"https:\/\/www.bidc-ebid.org\/fr\/wp-content\/uploads\/accra_2025_5.jpg\" alt=\"\" width=\"982\" height=\"301\" srcset=\"https:\/\/www.bidc-ebid.org\/fr\/wp-content\/uploads\/accra_2025_5.jpg 982w, https:\/\/www.bidc-ebid.org\/fr\/wp-content\/uploads\/accra_2025_5-300x92.jpg 300w, https:\/\/www.bidc-ebid.org\/fr\/wp-content\/uploads\/accra_2025_5-768x235.jpg 768w\" sizes=\"auto, (max-width: 982px) 100vw, 982px\" \/>Cet investissement t\u00e9moigne de l\u2019engagement ind\u00e9fectible de la BIDC \u00e0 soutenir l\u2019\u00e9ducation dans la sous-r\u00e9gion et \u00e0 contribuer au d\u00e9veloppement de son capital humain. En tant qu\u2019institution r\u00e9gionale de financement du d\u00e9veloppement, la BIDC reconna\u00eet le r\u00f4le essentiel que joue l\u2019\u00e9ducation dans le d\u00e9veloppement socio-\u00e9conomique et s\u2019engage \u00e0 soutenir les initiatives qui promeuvent l\u2019excellence et l\u2019inclusion dans le domaine de l\u2019\u00e9ducation.<\/p>\n","protected":false},"excerpt":{"rendered":"<p>La Banque d\u2019Investissement et de D\u00e9veloppement de la CEDEAO (BIDC) a r\u00e9affirm\u00e9 son engagement \u00e0 favoriser le d\u00e9veloppement socio-\u00e9conomique \u00e0 travers l\u2019\u00e9ducation, avec un investissement r\u00e9cent de 67 472 USD dans le d\u00e9veloppement des infrastructures du Lyc\u00e9e Technique de Kwanyako dans la r\u00e9gion centrale du Ghana. Le projet a \u00e9t\u00e9 entrepris dans le cadre du [&hellip;]<\/p>\n","protected":false},"author":3,"featured_media":277288,"comment_status":"closed","ping_status":"open","sticky":false,"template":"","format":"standard","meta":{"_jetpack_memberships_contains_paid_content":false,"footnotes":""},"categories":[4],"tags":[],"class_list":["post-277291","post","type-post","status-publish","format-standard","has-post-thumbnail","hentry","category-actualites"],"jetpack_featured_media_url":"https:\/\/www.bidc-ebid.org\/fr\/wp-content\/uploads\/accra_2025_1.jpg","jetpack_sharing_enabled":true,"_links":{"self":[{"href":"https:\/\/www.bidc-ebid.org\/fr\/wp-json\/wp\/v2\/posts\/277291","targetHints":{"allow":["GET"]}}],"collection":[{"href":"https:\/\/www.bidc-ebid.org\/fr\/wp-json\/wp\/v2\/posts"}],"about":[{"href":"https:\/\/www.bidc-ebid.org\/fr\/wp-json\/wp\/v2\/types\/post"}],"author":[{"embeddable":true,"href":"https:\/\/www.bidc-ebid.org\/fr\/wp-json\/wp\/v2\/users\/3"}],"replies":[{"embeddable":true,"href":"https:\/\/www.bidc-ebid.org\/fr\/wp-json\/wp\/v2\/comments?post=277291"}],"version-history":[{"count":3,"href":"https:\/\/www.bidc-ebid.org\/fr\/wp-json\/wp\/v2\/posts\/277291\/revisions"}],"predecessor-version":[{"id":277294,"href":"https:\/\/www.bidc-ebid.org\/fr\/wp-json\/wp\/v2\/posts\/277291\/revisions\/277294"}],"wp:featuredmedia":[{"embeddable":true,"href":"https:\/\/www.bidc-ebid.org\/fr\/wp-json\/wp\/v2\/media\/277288"}],"wp:attachment":[{"href":"https:\/\/www.bidc-ebid.org\/fr\/wp-json\/wp\/v2\/media?parent=277291"}],"wp:term":[{"taxonomy":"category","embeddable":true,"href":"https:\/\/www.bidc-ebid.org\/fr\/wp-json\/wp\/v2\/categories?post=277291"},{"taxonomy":"post_tag","embeddable":true,"href":"https:\/\/www.bidc-ebid.org\/fr\/wp-json\/wp\/v2\/tags?post=277291"}],"curies":[{"name":"wp","href":"https:\/\/api.w.org\/{rel}","templated":true}]}}