{"id":277168,"date":"2024-10-18T17:15:46","date_gmt":"2024-10-18T17:15:46","guid":{"rendered":"https:\/\/www.bidc-ebid.org\/fr\/?p=277168"},"modified":"2024-10-30T09:51:41","modified_gmt":"2024-10-30T09:51:41","slug":"deuxieme-edition-de-la-table-ronde-de-la-bidc-la-feuille-de-route-du-developpement-des-infrastructures-dans-la-cedeao","status":"publish","type":"post","link":"https:\/\/www.bidc-ebid.org\/fr\/deuxieme-edition-de-la-table-ronde-de-la-bidc-la-feuille-de-route-du-developpement-des-infrastructures-dans-la-cedeao\/","title":{"rendered":"Deuxi\u00e8me \u00e9dition de la table ronde du Pr\u00e9sident de la BIDC\u00a0: La feuille de route du d\u00e9veloppement des infrastructures dans la CEDEAO"},"content":{"rendered":"<p class=\"x_xmsonormal\"><span lang=\"FR\" data-olk-copy-source=\"MessageBody\">La deuxi\u00e8me \u00e9dition de table ronde du Pr\u00e9sident de la BIDC sur \u00ab La feuille de route du d\u00e9veloppement des infrastructures dans la CEDEAO \u00bb se tiendra le mardi 5 novembre 2024 \u00e0 11h00 GMT.<\/span><\/p>\n<p class=\"x_xmsonormal\"><span lang=\"FR\">\u00a0<\/span><span lang=\"FR\">Dr George Agyekum Donkor, Pr\u00e9sident de la BIDC et de son Conseil d&rsquo;administration, sera accompagn\u00e9 d\u2019experts en d\u00e9veloppement de la sous-r\u00e9gion pour discuter et partager leurs exp\u00e9riences et perspectives collectives sur la mani\u00e8re de rem\u00e9dier au d\u00e9ficit d\u2019infrastructures en Afrique de l\u2019Ouest, et catalyser des solutions concr\u00e8tes pour construire une CEDEAO plus avanc\u00e9e et plus int\u00e9gr\u00e9e.<\/span><\/p>\n<p class=\"x_xmsonormal\"><span lang=\"FR\">\u00a0<\/span><span lang=\"FR\">Suivez en direct sur Metro TV Ghana, la cha\u00eene DSTV 277, ou sur les r\u00e9seaux sociaux de Metro TV Ghana et de la BIDC.<\/span><\/p>\n","protected":false},"excerpt":{"rendered":"<p>La deuxi\u00e8me \u00e9dition de table ronde du Pr\u00e9sident de la BIDC sur \u00ab La feuille de route du d\u00e9veloppement des infrastructures dans la CEDEAO \u00bb se tiendra le mardi 5 novembre 2024 \u00e0 11h00 GMT. \u00a0Dr George Agyekum Donkor, Pr\u00e9sident de la BIDC et de son Conseil d&rsquo;administration, sera accompagn\u00e9 d\u2019experts en d\u00e9veloppement de la [&hellip;]<\/p>\n","protected":false},"author":3,"featured_media":277169,"comment_status":"closed","ping_status":"open","sticky":false,"template":"","format":"standard","meta":{"_jetpack_memberships_contains_paid_content":false,"footnotes":""},"categories":[4],"tags":[],"class_list":["post-277168","post","type-post","status-publish","format-standard","has-post-thumbnail","hentry","category-actualites"],"jetpack_featured_media_url":"https:\/\/www.bidc-ebid.org\/fr\/wp-content\/uploads\/rountable_05nov24_fr.jpg","jetpack_sharing_enabled":true,"_links":{"self":[{"href":"https:\/\/www.bidc-ebid.org\/fr\/wp-json\/wp\/v2\/posts\/277168","targetHints":{"allow":["GET"]}}],"collection":[{"href":"https:\/\/www.bidc-ebid.org\/fr\/wp-json\/wp\/v2\/posts"}],"about":[{"href":"https:\/\/www.bidc-ebid.org\/fr\/wp-json\/wp\/v2\/types\/post"}],"author":[{"embeddable":true,"href":"https:\/\/www.bidc-ebid.org\/fr\/wp-json\/wp\/v2\/users\/3"}],"replies":[{"embeddable":true,"href":"https:\/\/www.bidc-ebid.org\/fr\/wp-json\/wp\/v2\/comments?post=277168"}],"version-history":[{"count":3,"href":"https:\/\/www.bidc-ebid.org\/fr\/wp-json\/wp\/v2\/posts\/277168\/revisions"}],"predecessor-version":[{"id":277179,"href":"https:\/\/www.bidc-ebid.org\/fr\/wp-json\/wp\/v2\/posts\/277168\/revisions\/277179"}],"wp:featuredmedia":[{"embeddable":true,"href":"https:\/\/www.bidc-ebid.org\/fr\/wp-json\/wp\/v2\/media\/277169"}],"wp:attachment":[{"href":"https:\/\/www.bidc-ebid.org\/fr\/wp-json\/wp\/v2\/media?parent=277168"}],"wp:term":[{"taxonomy":"category","embeddable":true,"href":"https:\/\/www.bidc-ebid.org\/fr\/wp-json\/wp\/v2\/categories?post=277168"},{"taxonomy":"post_tag","embeddable":true,"href":"https:\/\/www.bidc-ebid.org\/fr\/wp-json\/wp\/v2\/tags?post=277168"}],"curies":[{"name":"wp","href":"https:\/\/api.w.org\/{rel}","templated":true}]}}